{"id":440,"__str__":"Lei n\u00ba 600, de 26 de maio de 2023","link_detail_backend":"/norma/440","metadata":{"signs":{"texto_integral":{"admin":[],"autores":[["Municipio de Vitoria do Mearim",["2023-05-26T17:49:30-03:00","ICP-Brasil - Certificado PJ A1"]]]}}},"texto_integral":"http://sapl.vitoriadomearim.ma.leg.br/media/sapl/public/normajuridica/2023/440/diario_oficial_edicao_1131.pdf","numero":"600","ano":2023,"esfera_federacao":"M","data":"2023-05-26","data_publicacao":"2023-05-26","veiculo_publicacao":"Di\u00e1rio Oficial do Munic\u00edpio de Vit\u00f3ria do Mearim","pagina_inicio_publicacao":1,"pagina_fim_publicacao":7,"ementa":"Abre Cr\u00e9dito Adicional Especial a Lei Or\u00e7ament\u00e1ria Anual \u2013 LOA n\u00ba 588/2022 no valor de R$ 2.275.000,00 (dois milh\u00f5es, duzentos e setenta e cinco mil reais), para criar a\u00e7\u00f5es de Projetos e Atividade para Secretaria Municipal de Mulher, Fundo Municipal dos Direitos da Mulher, Secretaria Municipal de Desporto e Lazer, Fundo Municipal de Desporto e Lazer, Fundo da Inf\u00e2ncia e Adolesc\u00eancia \u2013 FIA, Fundo Municipal do Meio Ambiente e Desenvolvimento Sustent\u00e1vel e A\u00e7\u00e3o no Fundo Municipal de Assist\u00eancia Social para Transfer\u00eancia de Subven\u00e7\u00e3o Social para a Comunidade Terap\u00eautica Resgate de Vidas do Munic\u00edpio de Vit\u00f3ria do Mearim-MA, e dar outras provid\u00eancias.","indexacao":"Abre Cr\u00e9dito Adicional Especial a Lei Or\u00e7ament\u00e1ria Anual \u2013 LOA n\u00ba 588/2022 no valor de R$ 2.275.000,00 (dois milh\u00f5es, duzentos e setenta e cinco mil reais), para criar a\u00e7\u00f5es de Projetos e Atividade para Secretaria Municipal de Mulher, Fundo Municipal dos Direitos da Mulher, Secretaria Municipal de Desporto e Lazer, Fundo Municipal de Desporto e Lazer, Fundo da Inf\u00e2ncia e Adolesc\u00eancia \u2013 FIA, Fundo Municipal do Meio Ambiente e Desenvolvimento Sustent\u00e1vel e A\u00e7\u00e3o no Fundo Municipal de Assist\u00eancia Social para Transfer\u00eancia de Subven\u00e7\u00e3o Social para a Comunidade Terap\u00eautica Resgate de Vidas do Munic\u00edpio de Vit\u00f3ria do Mearim-MA, e dar outras provid\u00eancias.","observacao":"","complemento":true,"data_vigencia":null,"timestamp":"2025-01-14T18:39:51.933732-03:00","data_ultima_atualizacao":"2025-01-14T18:39:51.967086-03:00","ip":"38.250.210.215","ultima_edicao":"2025-01-14T18:38:58.923972-03:00","tipo":10,"materia":null,"orgao":null,"user":14,"assuntos":[],"autores":[]}