{"id":433,"__str__":"Lei n\u00ba 596, de 18 de maio de 2023","link_detail_backend":"/norma/433","metadata":{},"texto_integral":"http://sapl.vitoriadomearim.ma.leg.br/media/sapl/public/normajuridica/2023/433/lei_596-2023.pdf","numero":"596","ano":2023,"esfera_federacao":"M","data":"2023-05-18","data_publicacao":"2023-05-18","veiculo_publicacao":"DIARIO OFICIAL DO MUNICIPIO","pagina_inicio_publicacao":1,"pagina_fim_publicacao":1,"ementa":"Disp\u00f5e sobre a reserva de no m\u00ednimo 10% (dez por cento) das vagas destinadas para estagi\u00e1rio aos portadores de defici\u00eancia nos \u00f3rg\u00e3os da administra\u00e7\u00e3o p\u00fablica direta e indireta do munic\u00edpio e da outras provid\u00eancias.","indexacao":"Disp\u00f5e sobre a reserva de no m\u00ednimo 10% (dez por cento) das vagas destinadas para estagi\u00e1rio aos portadores de defici\u00eancia nos \u00f3rg\u00e3os da administra\u00e7\u00e3o p\u00fablica direta e indireta do munic\u00edpio e da outras provid\u00eancias.","observacao":"","complemento":false,"data_vigencia":null,"timestamp":"2023-05-28T11:03:28.464830-03:00","data_ultima_atualizacao":"2023-05-28T11:03:28.802370-03:00","ip":"168.181.253.110","ultima_edicao":"2023-05-28T11:00:55.886506-03:00","tipo":10,"materia":35,"orgao":null,"user":14,"assuntos":[],"autores":[7]}