{"id":397,"__str__":"Lei-ARQ n\u00ba 394, de 25 de agosto de 2013","link_detail_backend":"/norma/397","metadata":{},"texto_integral":"http://sapl.vitoriadomearim.ma.leg.br/media/sapl/public/normajuridica/2013/397/394-2013_emenda_a_lei_no_394-2013_que_da_nome_estevam_angelo_de_sousa__a_avenida_localizada_na_br_222_no_povoado_coque.pdf","numero":"394","ano":2013,"esfera_federacao":"M","data":"2013-08-25","data_publicacao":null,"veiculo_publicacao":"","pagina_inicio_publicacao":null,"pagina_fim_publicacao":null,"ementa":"Emenda a lei n\u00b0 210/12001 que d\u00e1 nome Estevam \u00c2ngelo de Souza \u00e0 Avenida localizada na BR 22 no Povoado Coque, Vit\u00f3ria do Mearim, e d\u00e1 outras provid\u00eancias.","indexacao":"EMENDA A LEI N\u00ba 394-2013 QUE D\u00c1 NOME ESTEVAM \u00c2NGELO DE SOUSA \u00c1 AVENIDA LOCALIZADA NA BR 222 NO POVOADO COQUE","observacao":"","complemento":false,"data_vigencia":null,"timestamp":"2023-05-11T11:41:18.607397-03:00","data_ultima_atualizacao":"2023-05-11T11:41:18.774869-03:00","ip":"179.51.179.214","ultima_edicao":"2023-05-11T11:36:38.203727-03:00","tipo":10,"materia":null,"orgao":9,"user":31,"assuntos":[],"autores":[]}