{"id":219,"__str__":"Lei n\u00ba 581, de 16 de setembro de 2022","link_detail_backend":"/norma/219","metadata":{},"texto_integral":"http://sapl.vitoriadomearim.ma.leg.br/media/sapl/public/normajuridica/2022/219/lei_n.o_581.2022_-_vinculacao_do_fundo_municipal_dos_direitos_dacrianca_e_do_adolescente.pdf","numero":"581","ano":2022,"esfera_federacao":"M","data":"2022-09-16","data_publicacao":null,"veiculo_publicacao":"","pagina_inicio_publicacao":null,"pagina_fim_publicacao":null,"ementa":"Disp\u00f5e sobre a vincula\u00e7\u00e3o do Fundo Municipal dos Direitos da Crian\u00e7a e do Adolescente de Vit\u00f3ria do Mearim-MA e da outras provid\u00eancias","indexacao":"Disp\u00f5e sobre a vincula\u00e7\u00e3o do Fundo Municipal dos Direitos da Crian\u00e7a e do Adolescente de Vit\u00f3ria do Mearim-MA","observacao":"","complemento":true,"data_vigencia":null,"timestamp":"2023-04-11T11:05:26.684583-03:00","data_ultima_atualizacao":"2023-04-11T11:05:26.852285-03:00","ip":"179.240.16.109","ultima_edicao":"2023-04-11T11:03:53.054144-03:00","tipo":10,"materia":null,"orgao":null,"user":14,"assuntos":[],"autores":[]}