{"id":74,"__str__":"Indica\u00e7\u00e3o n\u00ba 35 de 2023","link_detail_backend":"/materia/74","metadata":{},"numero":35,"ano":2023,"numero_protocolo":74,"data_apresentacao":"2023-05-18","tipo_apresentacao":"E","data_publicacao":null,"numero_origem_externa":"","ano_origem_externa":null,"data_origem_externa":null,"apelido":"","dias_prazo":null,"data_fim_prazo":null,"em_tramitacao":false,"polemica":false,"objeto":"","complementar":false,"ementa":"INDICO AO CHEFE DO PODER EXECUTIVO MUNICIPAL QUE BUSQUE MEIOS PARA FAZER VALER O DIREITO DA POPULA\u00c7\u00c3O DO POVOADO BRA\u00c7O COMPRIDO NO SETINDO DE REFORMAR E AMPLIAR A CASA DE FARINHA BEM COMO A AQUISI\u00c7\u00c3O DE EQUIPAMENTOS QUE S\u00c3O NESCESSARIOS AO BOM FUCIONAMENTO DAQUELA CASA DE FARINHA.","indexacao":"","observacao":"","resultado":"","texto_original":"http://sapl.vitoriadomearim.ma.leg.br/media/sapl/public/materialegislativa/2023/74/indicacao_35_casa_de_farinha_braco_cumprido.pdf","data_ultima_atualizacao":"2023-05-28T10:43:33.339182-03:00","ip":"179.51.179.218","ultima_edicao":"2023-05-22T09:49:01.042878-03:00","tipo":1,"regime_tramitacao":1,"tipo_origem_externa":null,"local_origem_externa":null,"user":32,"anexadas":[],"autores":[8]}