{"id":450,"__str__":"Indica\u00e7\u00e3o n\u00ba 3 de 2026","link_detail_backend":"/materia/450","metadata":{},"numero":3,"ano":2026,"numero_protocolo":646,"data_apresentacao":"2026-03-10","tipo_apresentacao":"E","data_publicacao":null,"numero_origem_externa":"","ano_origem_externa":null,"data_origem_externa":null,"apelido":"","dias_prazo":null,"data_fim_prazo":null,"em_tramitacao":false,"polemica":false,"objeto":"","complementar":false,"ementa":"Solicita a Cria\u00e7\u00e3o de um Centro de Reabilita\u00e7\u00e3o para deficientes f\u00edsicos.","indexacao":"","observacao":"","resultado":"","texto_original":null,"data_ultima_atualizacao":"2026-03-10T10:32:39.096391-03:00","ip":"38.250.210.17","ultima_edicao":"2026-03-10T10:32:39.095019-03:00","tipo":1,"regime_tramitacao":1,"tipo_origem_externa":null,"local_origem_externa":null,"user":32,"anexadas":[],"autores":[45]}