{"id":37,"__str__":"Projeto de Lei n\u00ba 12 de 2023","link_detail_backend":"/materia/37","metadata":{},"numero":12,"ano":2023,"numero_protocolo":null,"data_apresentacao":"2023-03-28","tipo_apresentacao":"E","data_publicacao":null,"numero_origem_externa":"","ano_origem_externa":null,"data_origem_externa":null,"apelido":"","dias_prazo":null,"data_fim_prazo":null,"em_tramitacao":false,"polemica":false,"objeto":"","complementar":false,"ementa":"Institui e inclui no Calend\u00e1rio Oficial Municipal o Dia da Conscientiza\u00e7\u00e3o do Autismo e determina o m\u00eas de abril como m\u00eas azul   de conscientiza\u00e7\u00e3o deste transtorno.","indexacao":"Institui e inclui no Calend\u00e1rio Oficial Municipal o Dia da Conscientiza\u00e7\u00e3o do Autismo e determina o m\u00eas de abril como m\u00eas azul   de conscientiza\u00e7\u00e3o deste transtorno.","observacao":"","resultado":"","texto_original":"http://sapl.vitoriadomearim.ma.leg.br/media/sapl/public/materialegislativa/2023/37/pl_12.pdf","data_ultima_atualizacao":"2023-05-28T10:59:37.149942-03:00","ip":"200.80.125.15","ultima_edicao":"2023-04-12T14:40:23.116178-03:00","tipo":3,"regime_tramitacao":1,"tipo_origem_externa":null,"local_origem_externa":null,"user":14,"anexadas":[],"autores":[7]}