{"id":362,"__str__":"Requerimento n\u00ba 21 de 2025","link_detail_backend":"/materia/362","metadata":{},"numero":21,"ano":2025,"numero_protocolo":468,"data_apresentacao":"2025-05-22","tipo_apresentacao":"E","data_publicacao":null,"numero_origem_externa":"","ano_origem_externa":null,"data_origem_externa":null,"apelido":"","dias_prazo":null,"data_fim_prazo":null,"em_tramitacao":false,"polemica":false,"objeto":"","complementar":false,"ementa":"Urbaniza\u00e7\u00e3o, Paisagismo e A\u00e7\u00f5es Ambientais na Avenida Ant\u00f4nio Nilo da Costa.","indexacao":"","observacao":"","resultado":"","texto_original":"http://sapl.vitoriadomearim.ma.leg.br/media/sapl/public/materialegislativa/2025/362/requerimento_n212025.pdf","data_ultima_atualizacao":"2025-06-05T11:19:17.495688-03:00","ip":"38.250.210.17","ultima_edicao":"2025-06-05T11:19:17.341713-03:00","tipo":2,"regime_tramitacao":1,"tipo_origem_externa":null,"local_origem_externa":null,"user":32,"anexadas":[],"autores":[46]}