{"id":35,"__str__":"Projeto de Lei n\u00ba 10 de 2023","link_detail_backend":"/materia/35","metadata":{},"numero":10,"ano":2023,"numero_protocolo":null,"data_apresentacao":"2023-03-28","tipo_apresentacao":"E","data_publicacao":null,"numero_origem_externa":"","ano_origem_externa":null,"data_origem_externa":null,"apelido":"","dias_prazo":null,"data_fim_prazo":null,"em_tramitacao":false,"polemica":false,"objeto":"","complementar":false,"ementa":"Disp\u00f5e sobre a reserva de no m\u00ednimo 10% (dez por cento) das vagas destinadas para estagi\u00e1rio aos portadores de defici\u00eancia nos \u00f3rg\u00e3os da administra\u00e7\u00e3o p\u00fablica direta e indireta do munic\u00edpio e da outras provid\u00eancias.","indexacao":"Disp\u00f5e sobre a reserva de no m\u00ednimo 10% (dez por cento) das vagas destinadas para estagi\u00e1rio aos portadores de defici\u00eancia nos \u00f3rg\u00e3os da administra\u00e7\u00e3o p\u00fablica direta e indireta do munic\u00edpio e da outras provid\u00eancias.","observacao":"","resultado":"","texto_original":"http://sapl.vitoriadomearim.ma.leg.br/media/sapl/public/materialegislativa/2023/35/pl_10.pdf","data_ultima_atualizacao":"2023-05-28T10:56:19.471710-03:00","ip":"200.80.125.15","ultima_edicao":"2023-04-12T14:39:19.237691-03:00","tipo":3,"regime_tramitacao":1,"tipo_origem_externa":null,"local_origem_externa":null,"user":14,"anexadas":[],"autores":[7]}