{"id":354,"__str__":"Projeto de Lei n\u00ba 20 de 2025","link_detail_backend":"/materia/354","metadata":{},"numero":20,"ano":2025,"numero_protocolo":451,"data_apresentacao":"2025-05-08","tipo_apresentacao":"E","data_publicacao":null,"numero_origem_externa":"","ano_origem_externa":null,"data_origem_externa":null,"apelido":"","dias_prazo":null,"data_fim_prazo":null,"em_tramitacao":false,"polemica":false,"objeto":"","complementar":false,"ementa":"Institui, no \u00e2mbito do Munic\u00edpio de Vit\u00f3ria do Mearim-Ma, a Politica Municipal de Conscientiza\u00e7\u00e3o Apoio e Tratamento da Fibromialgia com uso de Terapias Integrativas e Complementares (TICs), e d\u00e1 outras provid\u00eancias.","indexacao":"","observacao":"","resultado":"","texto_original":"http://sapl.vitoriadomearim.ma.leg.br/media/sapl/public/materialegislativa/2025/354/projeto_de_lei_n20.pdf","data_ultima_atualizacao":"2025-05-27T11:49:08.308546-03:00","ip":"38.250.210.17","ultima_edicao":"2025-05-27T11:49:08.093649-03:00","tipo":3,"regime_tramitacao":1,"tipo_origem_externa":null,"local_origem_externa":null,"user":32,"anexadas":[],"autores":[3,45]}