{"id":328,"__str__":"Requerimento n\u00ba 19 de 2025","link_detail_backend":"/materia/328","metadata":{},"numero":19,"ano":2025,"numero_protocolo":411,"data_apresentacao":"2025-04-02","tipo_apresentacao":"O","data_publicacao":null,"numero_origem_externa":"","ano_origem_externa":null,"data_origem_externa":null,"apelido":"","dias_prazo":null,"data_fim_prazo":null,"em_tramitacao":false,"polemica":false,"objeto":"","complementar":false,"ementa":"Solicita\u00e7\u00e3o de Espa\u00e7o para Cria\u00e7\u00e3o do Projeto \"Espa\u00e7o Empresa\" no Pr\u00e9dio da Prefeitura Municipal.","indexacao":"","observacao":"","resultado":"","texto_original":"http://sapl.vitoriadomearim.ma.leg.br/media/sapl/public/materialegislativa/2025/328/requerimento_n192024.pdf","data_ultima_atualizacao":"2025-05-12T11:18:09.540223-03:00","ip":"38.250.219.101","ultima_edicao":"2025-05-12T11:18:09.433111-03:00","tipo":2,"regime_tramitacao":1,"tipo_origem_externa":null,"local_origem_externa":null,"user":32,"anexadas":[],"autores":[46]}