{"id":278,"__str__":"Requerimento n\u00ba 8 de 2025","link_detail_backend":"/materia/278","metadata":{},"numero":8,"ano":2025,"numero_protocolo":322,"data_apresentacao":"2025-03-10","tipo_apresentacao":"O","data_publicacao":null,"numero_origem_externa":"","ano_origem_externa":null,"data_origem_externa":null,"apelido":"","dias_prazo":null,"data_fim_prazo":null,"em_tramitacao":false,"polemica":false,"objeto":"","complementar":false,"ementa":"Solicita o panorama detalhado sobre a estrutura dos espa\u00e7os escolares do munic\u00edpio e as a\u00e7\u00f5es e solu\u00e7\u00f5es para garantir um inicio do ano letivo adequado para os alunos e profissionais da educa\u00e7\u00e3o.","indexacao":"","observacao":"","resultado":"","texto_original":"http://sapl.vitoriadomearim.ma.leg.br/media/sapl/public/materialegislativa/2025/278/requerimento_n082025.pdf","data_ultima_atualizacao":"2025-03-17T14:37:26.111137-03:00","ip":"38.250.219.27","ultima_edicao":"2025-03-17T14:37:25.999325-03:00","tipo":2,"regime_tramitacao":1,"tipo_origem_externa":null,"local_origem_externa":null,"user":32,"anexadas":[],"autores":[46]}