{"id":260,"__str__":"Indica\u00e7\u00e3o n\u00ba 4 de 2025","link_detail_backend":"/materia/260","metadata":{},"numero":4,"ano":2025,"numero_protocolo":303,"data_apresentacao":"2025-02-25","tipo_apresentacao":"E","data_publicacao":null,"numero_origem_externa":"","ano_origem_externa":null,"data_origem_externa":null,"apelido":"","dias_prazo":null,"data_fim_prazo":null,"em_tramitacao":false,"polemica":false,"objeto":"","complementar":false,"ementa":"Solicita a Instala\u00e7\u00e3o da Guarda Municipal em nosso munic\u00edpio.","indexacao":"","observacao":"","resultado":"","texto_original":"http://sapl.vitoriadomearim.ma.leg.br/media/sapl/public/materialegislativa/2025/260/indicacao04.pdf","data_ultima_atualizacao":"2025-03-10T11:06:39.519985-03:00","ip":"38.250.210.17","ultima_edicao":"2025-03-10T11:06:39.374469-03:00","tipo":1,"regime_tramitacao":1,"tipo_origem_externa":null,"local_origem_externa":null,"user":32,"anexadas":[],"autores":[44]}