{"id":253,"__str__":"Pedido de Provid\u00eancia n\u00ba 1 de 2025","link_detail_backend":"/materia/253","metadata":{},"numero":1,"ano":2025,"numero_protocolo":296,"data_apresentacao":"2025-02-25","tipo_apresentacao":"E","data_publicacao":null,"numero_origem_externa":"","ano_origem_externa":null,"data_origem_externa":null,"apelido":"","dias_prazo":null,"data_fim_prazo":null,"em_tramitacao":false,"polemica":false,"objeto":"","complementar":false,"ementa":"Solicita provid\u00eancia com rela\u00e7\u00e3o \u00e0s necessidades apresentadas no Caf\u00e9 com Autoridades realizado no Conselho Tutelar de Vit\u00f3ria do Mearim, para dar continuidade , com \u00eaxito, dos projetos e atribui\u00e7\u00f5es do Conselho Tutelar.","indexacao":"","observacao":"","resultado":"","texto_original":"http://sapl.vitoriadomearim.ma.leg.br/media/sapl/public/materialegislativa/2025/253/pedidodeprovidencia01.pdf","data_ultima_atualizacao":"2025-03-10T10:54:20.098331-03:00","ip":"38.250.210.17","ultima_edicao":"2025-03-10T10:54:19.910672-03:00","tipo":4,"regime_tramitacao":1,"tipo_origem_externa":null,"local_origem_externa":null,"user":32,"anexadas":[],"autores":[43]}